{"id":8100,"date":"2023-05-16T16:52:21","date_gmt":"2023-05-16T16:52:21","guid":{"rendered":"https:\/\/liversium.com\/?p=8100"},"modified":"2023-09-28T13:42:20","modified_gmt":"2023-09-28T13:42:20","slug":"retrasos-en-la-apertura-de-una-nueva-fabrica-del-grupo-nido-capital-en-aranda-de-duero","status":"publish","type":"post","link":"https:\/\/liversium.com\/index.php\/2023\/05\/16\/retrasos-en-la-apertura-de-una-nueva-fabrica-del-grupo-nido-capital-en-aranda-de-duero\/","title":{"rendered":"RETRASOS EN LA APERTURA DE UNA NUEVA F\u00c1BRICA DEL GRUPO NIDO CAPITAL EN ARANDA DE DUERO"},"content":{"rendered":"\n<p>Nuestro ambicioso plan para abrir una nueva f\u00e1brica de construcci\u00f3n modular en Aranda de Duero, anunciado recientemente por nuestro director general, Miguel Riesgo, enfrenta desaf\u00edos debido a la falta de suelo disponible. A pesar de nuestra voluntad y capacidad para invertir en esta innovadora iniciativa, los desaf\u00edos administrativos y la escasez de suelo han retrasado nuestros planes.<\/p>\n\n\n\n<p>Este proyecto, parte de nuestra estrategia de reconversi\u00f3n empresarial, tiene el potencial de crear m\u00e1s de 200 puestos de trabajo y representar\u00eda un importante impulso para la econom\u00eda local. No obstante, la necesidad de una parcela de 70.000 metros cuadrados y la falta de disponibilidad tanto en el pol\u00edgono Prado Marina como en Allendeduero han provocado retrasos.<\/p>\n\n\n\n<p>Adem\u00e1s, lamentamos la falta de agilidad en la administraci\u00f3n p\u00fablica local, que ha complicado a\u00fan m\u00e1s nuestros esfuerzos. Creemos que una mayor flexibilidad en la designaci\u00f3n de suelo industrial y una mayor celeridad en los tr\u00e1mites administrativos podr\u00edan beneficiar no solo a nuestra empresa, sino tambi\u00e9n a otras que puedan querer invertir en Aranda en el futuro.<\/p>\n\n\n\n<p>Nuestro compromiso con Aranda de Duero sigue siendo firme y continuaremos trabajando diligentemente para superar estos obst\u00e1culos. Valoramos el inter\u00e9s de los alcaldes de la zona y agradecemos su voluntad de ayudar. Confiados en encontrar una soluci\u00f3n, seguimos adelante con el firme objetivo de expandir nuestras operaciones y contribuir al crecimiento y desarrollo de nuestra ciudad natal.<\/p>\n\n\n\n<p>En Grupo Nido Capital, seguimos dedicados a nuestra visi\u00f3n y a nuestra capacidad para adaptarnos a cualquier desaf\u00edo que se presente. Con una plantilla compuesta por 48 experimentados profesionales en diversas \u00e1reas como el comercio, el derecho, la tecnolog\u00eda, la arquitectura y la administraci\u00f3n, estamos preparados para llevar nuestros proyectos a buen t\u00e9rmino, pese a los obst\u00e1culos actuales.<\/p>\n\n\n\n<p>LEE LA NOTICIA COMPLETA EN:<\/p>\n\n\n\n<figure class=\"wp-block-embed\"><div class=\"wp-block-embed__wrapper\">\nhttps:\/\/www.elcorreodeburgos.com\/burgos\/provincia\/230309\/24705\/200-puestos-trabajo-juego-falta-suelo-retrasa-apertura-aranda-nueva-fabrica.html\n<\/div><\/figure>\n","protected":false},"excerpt":{"rendered":"<p>Nuestro ambicioso plan para abrir una nueva f\u00e1brica de construcci\u00f3n modular en Aranda de Duero, anunciado recientemente por nuestro director general, Miguel Riesgo, enfrenta desaf\u00edos debido a la falta de suelo disponible. A pesar de nuestra voluntad y capacidad para invertir en esta innovadora iniciativa, los desaf\u00edos administrativos y la escasez de suelo han retrasado [&hellip;]<\/p>\n","protected":false},"author":1,"featured_media":8102,"comment_status":"open","ping_status":"open","sticky":false,"template":"","format":"standard","meta":{"footnotes":""},"categories":[6],"tags":[7,8,9,10,11,12],"class_list":["post-8100","post","type-post","status-publish","format-standard","has-post-thumbnail","hentry","category-real-estate","tag-apartment","tag-business-development","tag-house-for-families","tag-houzez","tag-luxury","tag-real-estate"],"_links":{"self":[{"href":"https:\/\/liversium.com\/index.php\/wp-json\/wp\/v2\/posts\/8100","targetHints":{"allow":["GET"]}}],"collection":[{"href":"https:\/\/liversium.com\/index.php\/wp-json\/wp\/v2\/posts"}],"about":[{"href":"https:\/\/liversium.com\/index.php\/wp-json\/wp\/v2\/types\/post"}],"author":[{"embeddable":true,"href":"https:\/\/liversium.com\/index.php\/wp-json\/wp\/v2\/users\/1"}],"replies":[{"embeddable":true,"href":"https:\/\/liversium.com\/index.php\/wp-json\/wp\/v2\/comments?post=8100"}],"version-history":[{"count":1,"href":"https:\/\/liversium.com\/index.php\/wp-json\/wp\/v2\/posts\/8100\/revisions"}],"predecessor-version":[{"id":8101,"href":"https:\/\/liversium.com\/index.php\/wp-json\/wp\/v2\/posts\/8100\/revisions\/8101"}],"wp:featuredmedia":[{"embeddable":true,"href":"https:\/\/liversium.com\/index.php\/wp-json\/wp\/v2\/media\/8102"}],"wp:attachment":[{"href":"https:\/\/liversium.com\/index.php\/wp-json\/wp\/v2\/media?parent=8100"}],"wp:term":[{"taxonomy":"category","embeddable":true,"href":"https:\/\/liversium.com\/index.php\/wp-json\/wp\/v2\/categories?post=8100"},{"taxonomy":"post_tag","embeddable":true,"href":"https:\/\/liversium.com\/index.php\/wp-json\/wp\/v2\/tags?post=8100"}],"curies":[{"name":"wp","href":"https:\/\/api.w.org\/{rel}","templated":true}]}}